{"id":3714,"date":"2023-07-07T11:27:52","date_gmt":"2023-07-07T14:27:52","guid":{"rendered":"https:\/\/portalbiocursos.com.br\/?p=3714"},"modified":"2023-07-26T10:37:29","modified_gmt":"2023-07-26T13:37:29","slug":"demandas-judiciais-impulsionam-a-busca-por-curso-em-avaliacao-funcional-entre-fisioterapeutas","status":"publish","type":"post","link":"https:\/\/portalbiocursos.com.br\/index.php\/2023\/07\/07\/demandas-judiciais-impulsionam-a-busca-por-curso-em-avaliacao-funcional-entre-fisioterapeutas\/","title":{"rendered":"Demandas judiciais impulsionam a busca por curso em Avalia\u00e7\u00e3o Funcional entre fisioterapeutas"},"content":{"rendered":"<p>MANAUS &#8211; Fundamental no campo da Fisioterapia Judicial, a Avalia\u00e7\u00e3o Funcional para Per\u00edcia Judicial consiste na aplica\u00e7\u00e3o de t\u00e9cnicas e m\u00e9todos espec\u00edficos para analisar e avaliar as capacidades funcionais de indiv\u00edduos envolvidos em processos judiciais relacionados a quest\u00f5es de sa\u00fade, incapacidade laboral ou les\u00f5es f\u00edsicas.<\/p><p>No contexto da Per\u00edcia Judicial, a avalia\u00e7\u00e3o funcional desempenha um papel crucial na determina\u00e7\u00e3o do grau de incapacidade, na an\u00e1lise de sequelas e na identifica\u00e7\u00e3o das limita\u00e7\u00f5es funcionais de um indiv\u00edduo. Essas informa\u00e7\u00f5es s\u00e3o fundamentais para auxiliar os peritos judiciais na tomada de decis\u00f5es e na elabora\u00e7\u00e3o de laudos periciais embasados cientificamente.<\/p><p>Com a alta demanda do mercado e a car\u00eancia de profissionais especializados na \u00e1rea, a Bio Cursos anuncia as inscri\u00e7\u00f5es do Curso de Avalia\u00e7\u00e3o Funcional para Per\u00edcia Judicial, ministrado pelo professor Dr. Jose Ronaldo Veronesi Junior. Curso ser\u00e1 realizado nos dias 28 e 29 de outubro de 2023, na sede da Bio Cursos, em Manaus.<\/p><p>O curso de Avalia\u00e7\u00e3o Funcional para Per\u00edcia Judicial tem como objetivo capacitar fisioterapeutas a realizar avalia\u00e7\u00f5es detalhadas e precisas, utilizando uma abordagem t\u00e9cnica e cient\u00edfica. Durante o curso, os profissionais alunos ter\u00e3o a oportunidade de adquirir conhecimentos sobre os principais m\u00e9todos de avalia\u00e7\u00e3o funcional, testes espec\u00edficos, protocolos de avalia\u00e7\u00e3o e crit\u00e9rios de mensura\u00e7\u00e3o utilizados em processos periciais.<\/p><p>Ao concluir o curso de Avalia\u00e7\u00e3o Funcional para Per\u00edcia Judicial, os fisioterapeutas estar\u00e3o aptos a desempenhar um papel fundamental no sistema judici\u00e1rio, contribuindo para uma avalia\u00e7\u00e3o precisa e imparcial dos indiv\u00edduos envolvidos nos processos legais. Essa especializa\u00e7\u00e3o amplia as oportunidades de atua\u00e7\u00e3o profissional, seja como perito judicial, seja como consultor t\u00e9cnico em casos jur\u00eddicos relacionados \u00e0 sa\u00fade e reabilita\u00e7\u00e3o f\u00edsica.<\/p><p>Portanto, se voc\u00ea \u00e9 um fisioterapeuta interessado em aprimorar seus conhecimentos na \u00e1rea da Fisioterapia Judicial e deseja se especializar em Avalia\u00e7\u00e3o Funcional para Per\u00edcia Judicial, n\u00e3o perca a oportunidade de participar deste curso. Aprofunde seus conhecimentos, desenvolva suas habilidades e torne-se um profissional de destaque nesse campo em constante crescimento.<\/p><p>Para mais informa\u00e7\u00f5es e inscri\u00e7\u00f5es entre em contato atrav\u00e9s do n\u00famero (92) 99225-8508.<\/p>","protected":false},"excerpt":{"rendered":"<p>No contexto da Per\u00edcia Judicial, a avalia\u00e7\u00e3o funcional desempenha um papel crucial na determina\u00e7\u00e3o do grau de incapacidade, na an\u00e1lise de sequelas e na identifica\u00e7\u00e3o das limita\u00e7\u00f5es funcionais de um indiv\u00edduo. <\/p>\n","protected":false},"author":1,"featured_media":3715,"comment_status":"open","ping_status":"open","sticky":true,"template":"","format":"standard","meta":{"footnotes":""},"categories":[182],"tags":[287,290,207,289,186,291,187,288],"class_list":["post-3714","post","type-post","status-publish","format-standard","has-post-thumbnail","hentry","category-news","tag-avaliacao-funcional","tag-avaliacao-funcional-para-pericia-judicial","tag-bio-cursos","tag-curso","tag-fisioterapia","tag-jose-ronaldo-veronesi-junior","tag-manaus","tag-pericia-judicial"],"_links":{"self":[{"href":"https:\/\/portalbiocursos.com.br\/index.php\/wp-json\/wp\/v2\/posts\/3714","targetHints":{"allow":["GET"]}}],"collection":[{"href":"https:\/\/portalbiocursos.com.br\/index.php\/wp-json\/wp\/v2\/posts"}],"about":[{"href":"https:\/\/portalbiocursos.com.br\/index.php\/wp-json\/wp\/v2\/types\/post"}],"author":[{"embeddable":true,"href":"https:\/\/portalbiocursos.com.br\/index.php\/wp-json\/wp\/v2\/users\/1"}],"replies":[{"embeddable":true,"href":"https:\/\/portalbiocursos.com.br\/index.php\/wp-json\/wp\/v2\/comments?post=3714"}],"version-history":[{"count":1,"href":"https:\/\/portalbiocursos.com.br\/index.php\/wp-json\/wp\/v2\/posts\/3714\/revisions"}],"predecessor-version":[{"id":3716,"href":"https:\/\/portalbiocursos.com.br\/index.php\/wp-json\/wp\/v2\/posts\/3714\/revisions\/3716"}],"wp:featuredmedia":[{"embeddable":true,"href":"https:\/\/portalbiocursos.com.br\/index.php\/wp-json\/wp\/v2\/media\/3715"}],"wp:attachment":[{"href":"https:\/\/portalbiocursos.com.br\/index.php\/wp-json\/wp\/v2\/media?parent=3714"}],"wp:term":[{"taxonomy":"category","embeddable":true,"href":"https:\/\/portalbiocursos.com.br\/index.php\/wp-json\/wp\/v2\/categories?post=3714"},{"taxonomy":"post_tag","embeddable":true,"href":"https:\/\/portalbiocursos.com.br\/index.php\/wp-json\/wp\/v2\/tags?post=3714"}],"curies":[{"name":"wp","href":"https:\/\/api.w.org\/{rel}","templated":true}]}}