{"id":1974,"date":"2023-03-03T14:33:39","date_gmt":"2023-03-03T17:33:39","guid":{"rendered":"https:\/\/portalbiocursos.com.br\/?p=1974"},"modified":"2023-03-03T14:33:40","modified_gmt":"2023-03-03T17:33:40","slug":"bio-cursos-participa-de-sessao-solene-em-alusao-ao-novo-crefito-20-na-aleam","status":"publish","type":"post","link":"https:\/\/portalbiocursos.com.br\/index.php\/2023\/03\/03\/bio-cursos-participa-de-sessao-solene-em-alusao-ao-novo-crefito-20-na-aleam\/","title":{"rendered":"Bio Cursos participa de Sess\u00e3o Solene em alus\u00e3o ao novo CREFITO 20 na ALEAM"},"content":{"rendered":"<p><\/p><p>Nesta quinta-feira (02), o membro titular da Comiss\u00e3o de Sa\u00fade da Assembleia Legislativa do Amazonas (Aleam), membro da Comiss\u00e3o de Sa\u00fade e Previd\u00eancia da Casa, deputado estadual Cabo Maciel (PL), destacou, durante o seu discurso na Tribuna do Plen\u00e1rio Ruy Ara\u00fajo a atua\u00e7\u00e3o e a import\u00e2ncia da atua\u00e7\u00e3o dos profissionais fisioterapeutas no cen\u00e1rio da sa\u00fade e o desmembramento do Crefito 12, e anunciando o mais novo Regional, Crefito 20, que atender\u00e1 os estados do Amazonas e Roraima.<\/p><p>&#8220;Os fisioterapeutas e terapeutas ocupacionais ganham autonomia com a instala\u00e7\u00e3o do Crefito-20 aqui no Amazonas. Temos mais de 4 mil profissionais aqui, \u00e9 uma categoria muito importante e n\u00e3o pode caminhar descoordenada ou desvalorizada. Hoje com o Crefito instalado na capital temos a oportunidade de trazer avan\u00e7os para a categoria e voc\u00eas podem contar hoje com o meu mandato e com o empenho dessa Casa Legislativa para que isso aconte\u00e7a&#8221;, discursou o parlamentar.<\/p><p>Na ocasi\u00e3o, o deputado Cabo Maciel tamb\u00e9m leu para os presentes o certificado de homenagem escrito pelo presidente da Aleam, deputado Roberto Cidade (UB), pela instala\u00e7\u00e3o do novo Conselho Profissional.<\/p><p>Durante a Sess\u00e3o, o Plen\u00e1rio p\u00f4de ouvir a delegada do Crefito-20, Ana Cla\u00fadia, que agradeceu \u00e0 Aleam e ao deputado Cabo Maciel por receberem a categoria.<\/p><p>&#8220;O Crefito-20 j\u00e1 nasce grande, representando 4 mil profissionais e esse Crefito vai ser a continuidade da nossa casa, onde todos profissionais e estudantes v\u00e3o ser acolhidos. Vamos poder chegar aos profissionais que est\u00e3o nos munic\u00edpios mais distantes e estaremos de portas abertas para fomentar ainda mais nossas profiss\u00f5es, para que elas cres\u00e7am em nossos estados. Temos que estar juntos nessa caminhada para que possamos cada vez mais fortalecer a nossas profiss\u00f5es no contexto amaz\u00f4nico&#8221;, destacou.<\/p><p><strong>Solicitado pelo Crefito-12, COFFITO aprova desmembramento e cria o CREFITO 20<\/strong><\/p><p>No \u00faltimo dia 03 de fevereiro, solicitado pela sua atual presidente, a O Crefito-12 acaba de realizar uma das principais metas da atual gest\u00e3o. A pedido de sua presidente, Dra. Elineth Braga Valente, o Conselho Federal de Fisioterapia e Terapia Ocupacional \u2013 COFFITO, aprovou em plen\u00e1ria, o desmembramento da 12\u00aa Regi\u00e3o.<\/p><p>Com a decis\u00e3o, os estados do Amazonas e Roraima far\u00e3o parte do mais novo Regional, o CREFITO 20, que ter\u00e1 como sede, Manaus (AM).<\/p><p>Agora os profissionais dos estados do Amazonas e Roraima podem comemorar uma vit\u00f3ria h\u00e1 muito tempo almejada por eles.<\/p>","protected":false},"excerpt":{"rendered":"<p>Na ocasi\u00e3o, o deputado Cabo Maciel tamb\u00e9m leu para os presentes o certificado de homenagem escrito pelo presidente da Aleam, deputado Roberto Cidade (UB), pela instala\u00e7\u00e3o do novo Conselho Profissional.<\/p>\n","protected":false},"author":1,"featured_media":1975,"comment_status":"open","ping_status":"open","sticky":false,"template":"","format":"standard","meta":{"footnotes":""},"categories":[184],"tags":[212,200,213,186,187,214],"class_list":["post-1974","post","type-post","status-publish","format-standard","has-post-thumbnail","hentry","category-organizacional","tag-aleam","tag-biocursos","tag-crefito","tag-fisioterapia","tag-manaus","tag-sessao-solene"],"_links":{"self":[{"href":"https:\/\/portalbiocursos.com.br\/index.php\/wp-json\/wp\/v2\/posts\/1974","targetHints":{"allow":["GET"]}}],"collection":[{"href":"https:\/\/portalbiocursos.com.br\/index.php\/wp-json\/wp\/v2\/posts"}],"about":[{"href":"https:\/\/portalbiocursos.com.br\/index.php\/wp-json\/wp\/v2\/types\/post"}],"author":[{"embeddable":true,"href":"https:\/\/portalbiocursos.com.br\/index.php\/wp-json\/wp\/v2\/users\/1"}],"replies":[{"embeddable":true,"href":"https:\/\/portalbiocursos.com.br\/index.php\/wp-json\/wp\/v2\/comments?post=1974"}],"version-history":[{"count":1,"href":"https:\/\/portalbiocursos.com.br\/index.php\/wp-json\/wp\/v2\/posts\/1974\/revisions"}],"predecessor-version":[{"id":1976,"href":"https:\/\/portalbiocursos.com.br\/index.php\/wp-json\/wp\/v2\/posts\/1974\/revisions\/1976"}],"wp:featuredmedia":[{"embeddable":true,"href":"https:\/\/portalbiocursos.com.br\/index.php\/wp-json\/wp\/v2\/media\/1975"}],"wp:attachment":[{"href":"https:\/\/portalbiocursos.com.br\/index.php\/wp-json\/wp\/v2\/media?parent=1974"}],"wp:term":[{"taxonomy":"category","embeddable":true,"href":"https:\/\/portalbiocursos.com.br\/index.php\/wp-json\/wp\/v2\/categories?post=1974"},{"taxonomy":"post_tag","embeddable":true,"href":"https:\/\/portalbiocursos.com.br\/index.php\/wp-json\/wp\/v2\/tags?post=1974"}],"curies":[{"name":"wp","href":"https:\/\/api.w.org\/{rel}","templated":true}]}}